{"id":438,"date":"2022-11-07T15:36:00","date_gmt":"2022-11-07T12:36:00","guid":{"rendered":"https:\/\/www.kanneci.org\/yeni\/?p=438"},"modified":"2024-05-07T15:38:46","modified_gmt":"2024-05-07T12:38:46","slug":"turkiyenin-cinarlari-ekim-2022","status":"publish","type":"post","link":"https:\/\/www.kanneci.org\/yeni\/turkiyenin-cinarlari-ekim-2022\/","title":{"rendered":"T\u00fcrkiye&#8217;nin \u00c7\u0131narlar\u0131 (Ekim 2022)"},"content":{"rendered":"\n<figure class=\"wp-block-image size-full\"><a href=\"https:\/\/www.kanneci.org\/yeni\/wp-content\/uploads\/2024\/05\/kanneci_aa_01.jpg\"><img loading=\"lazy\" width=\"1024\" height=\"683\" src=\"https:\/\/www.kanneci.org\/yeni\/wp-content\/uploads\/2024\/05\/kanneci_aa_01.jpg\" alt=\"\" class=\"wp-image-439\" srcset=\"https:\/\/www.kanneci.org\/yeni\/wp-content\/uploads\/2024\/05\/kanneci_aa_01.jpg 1024w, https:\/\/www.kanneci.org\/yeni\/wp-content\/uploads\/2024\/05\/kanneci_aa_01-300x200.jpg 300w, https:\/\/www.kanneci.org\/yeni\/wp-content\/uploads\/2024\/05\/kanneci_aa_01-768x512.jpg 768w\" sizes=\"(max-width: 1024px) 100vw, 1024px\" \/><\/a><figcaption>Anadolu Ajans\u0131, k\u00fclt\u00fcr, sanat, bilim, spor, siyaset ve i\u015f d\u00fcnyas\u0131n\u0131n \u201cduayen\u201d isimlerini, \u201cT\u00fcrkiye\u2019nin \u00c7\u0131narlar\u0131\u201d projesi kapsam\u0131nda foto\u011frafl\u0131yor. 1957 do\u011fumlu, sanat\u00e7\u0131, klasik gitar virt\u00fc\u00f6z\u00fc Ahmet Kanneci. <br>( \u00d6zge Elif K\u0131z\u0131l &#8211; Anadolu Ajans\u0131 )<\/figcaption><\/figure>\n","protected":false},"excerpt":{"rendered":"","protected":false},"author":1,"featured_media":439,"comment_status":"open","ping_status":"closed","sticky":false,"template":"","format":"standard","meta":[],"categories":[3],"tags":[],"_links":{"self":[{"href":"https:\/\/www.kanneci.org\/yeni\/wp-json\/wp\/v2\/posts\/438"}],"collection":[{"href":"https:\/\/www.kanneci.org\/yeni\/wp-json\/wp\/v2\/posts"}],"about":[{"href":"https:\/\/www.kanneci.org\/yeni\/wp-json\/wp\/v2\/types\/post"}],"author":[{"embeddable":true,"href":"https:\/\/www.kanneci.org\/yeni\/wp-json\/wp\/v2\/users\/1"}],"replies":[{"embeddable":true,"href":"https:\/\/www.kanneci.org\/yeni\/wp-json\/wp\/v2\/comments?post=438"}],"version-history":[{"count":1,"href":"https:\/\/www.kanneci.org\/yeni\/wp-json\/wp\/v2\/posts\/438\/revisions"}],"predecessor-version":[{"id":440,"href":"https:\/\/www.kanneci.org\/yeni\/wp-json\/wp\/v2\/posts\/438\/revisions\/440"}],"wp:featuredmedia":[{"embeddable":true,"href":"https:\/\/www.kanneci.org\/yeni\/wp-json\/wp\/v2\/media\/439"}],"wp:attachment":[{"href":"https:\/\/www.kanneci.org\/yeni\/wp-json\/wp\/v2\/media?parent=438"}],"wp:term":[{"taxonomy":"category","embeddable":true,"href":"https:\/\/www.kanneci.org\/yeni\/wp-json\/wp\/v2\/categories?post=438"},{"taxonomy":"post_tag","embeddable":true,"href":"https:\/\/www.kanneci.org\/yeni\/wp-json\/wp\/v2\/tags?post=438"}],"curies":[{"name":"wp","href":"https:\/\/api.w.org\/{rel}","templated":true}]}}