{"id":32,"date":"2014-05-30T11:33:26","date_gmt":"2014-05-30T11:33:26","guid":{"rendered":"http:\/\/www.kanneci.org\/yeni\/?p=32"},"modified":"2015-06-02T11:45:40","modified_gmt":"2015-06-02T11:45:40","slug":"muzikle-doruga-yukselmek","status":"publish","type":"post","link":"https:\/\/www.kanneci.org\/yeni\/muzikle-doruga-yukselmek\/","title":{"rendered":"M\u00fczikle doru\u011fa y\u00fckselmek"},"content":{"rendered":"<p><em><strong><a href=\"http:\/\/www.cumhuriyet.com.tr\/koseyazisi\/76379\/Muzikle_doruga_yukselmek.html\" target=\"_blank\">Egemen Berk\u00f6z- Cumhuriyet<\/a><\/strong><\/em><\/p>\n<p><strong>CRR \u0130STANBUL G\u0130TAR G\u00dcNLER\u0130 VE G\u0130TAR YARI\u015eMASI SONA ERD\u0130<\/strong><\/p>\n<p>\u0130spanyol gitarc\u0131 Marco Socias gitar\u0131n\u0131n tellerine dokunup ilk notalar y\u00fckseldi\u011fi an orkestran\u0131n t\u00fcm \u00fcyelerinin y\u00fcz anlat\u0131mlar\u0131 ve devinimleriyle ona kat\u0131ld\u0131\u011f\u0131n\u0131 g\u00f6rd\u00fcm. Rodrigo\u2019nun bizim tan\u0131d\u0131\u011f\u0131m\u0131z ad\u0131yla Gitar Kon\u00e7ertosu\u2019nun, \u00f6zg\u00fcn ad\u0131yla \u201cConcierto de Aranjuez\u201dinin sonuna kadar da bu duyguda\u015fl\u0131k artarak s\u00fcrd\u00fc. Belli ki orkestra ile solist provalarda birbirlerini sevmi\u015flerdi. \u0130zleyiciler de yap\u0131t\u0131n ba\u015f\u0131ndan sonuna kesintisiz bir \u201ccrescendo\u201d ile artan co\u015fkuya kat\u0131lmaktan geri kalmad\u0131lar. Alk\u0131\u015flar bitmek bilmedi, Socias defalarca sahneye geri geldi, konser ancak herkes yorulunca bitebildi.<\/p>\n<p>Cemal Re\u015fit Rey Konser Salonu\u2019nun (CRR) i\u00e7inde bulundu\u011fumuz konser mevsiminde yapt\u0131\u011f\u0131 g\u00fczel i\u015flerden biri olan CRR \u0130stanbul Gitar G\u00fcnleri ve Klasik Gitar Yar\u0131\u015fmas\u0131\u2019n\u0131n \u00f6d\u00fcl ve biti\u015f ak\u015fam\u0131ndayd\u0131k. Tarih 23 May\u0131s Per\u015fembe. Ak\u015fam, 21 May\u0131s\u2019ta ba\u015flay\u0131p \u00fc\u00e7 g\u00fcn s\u00fcren yar\u0131\u015fmada ilk \u00fc\u00e7e giren yar\u0131\u015fmac\u0131lara \u00f6d\u00fcllerinin verilmesiyle ba\u015flad\u0131. \u00d6d\u00fcller, se\u00e7ici kurulu olu\u015fturan ve yar\u0131\u015fma boyunca ak\u015famlar\u0131 konser veren usta gitarc\u0131lar\u0131n (Arjantinli Ricardo Moyano, Meksikal\u0131 Raul Olmos, Amerikal\u0131 David Russel, \u0130spanyol Marco Socias, Ahmet Kanneci, Soner Egesel, Sinan Er\u015fahin) imzalar\u0131n\u0131 ta\u015f\u0131yan p\u0131r\u0131l p\u0131r\u0131l birer gitard\u0131.<\/p>\n<p>\u00dc\u00e7\u00fcnc\u00fc, \u0130\u00dc Devlet Konservatuvar\u0131 mezunu, y\u00fcksek lisans \u00e7al\u0131\u015fmas\u0131n\u0131 MSGS\u00dc Devlet Konservatuvar\u0131\u2019nda s\u00fcrd\u00fcren Tuna Tandoruk, ikinci Eski\u015fehir Anadolu \u00dcniversitesi\u2019nden \u00c7avg\u0131n \u00c7\u0131nk\u0131t ve birinci MSGS\u00dc Devlet Konservatuvar\u0131 mezunu, y\u00fcksek lisans\u0131n\u0131 da orada yapmakta olan Onur Y\u0131lmaz\u2019\u0131n \u00f6d\u00fcllerini al\u0131p k\u0131sa birer par\u00e7ayla sanatlar\u0131n\u0131 g\u00f6stermelerinden sonra da Rengim G\u00f6kmen y\u00f6netimindeki CRR Senfoni Orkestras\u0131 sahnede yerini ald\u0131. Orkestra, konserin ilk b\u00f6l\u00fcm\u00fcnde Mozart\u2019\u0131n ustal\u0131k d\u00f6nemi yap\u0131tlar\u0131ndan, m\u00fczi\u011finin doru\u011funa ula\u015ft\u0131\u011f\u0131 son \u00fc\u00e7 senfonisinden ilkini (KV 543 Si Bemol Maj\u00f6r 39. Senfoni) seslendirdi. \u0130kinci b\u00f6l\u00fcmde ise yar\u0131\u015fmay\u0131 ta\u00e7land\u0131ran iki yap\u0131t dinledik. Gitar yaz\u0131n\u0131n\u0131n \u201cCervantes\u201di diyebilece\u011fimiz Joaquin Rodrigo\u2019nun iki gitar kon\u00e7ertosundan ikincisi olan \u201cConcierto para un Gentilhombre\u201dnin solisti Sinan Er\u015fahin\u2019di. Ve konser Rodrigo\u2019nun ilk gitar kon\u00e7ertosu \u201cConcierto Aranjuez\u201din Marco Socias-orkestra-Rengim G\u00f6kmen ortak yap\u0131m\u0131 doruk seslendirisiyle sona erdi.<\/p>\n<p>Ya\u015fad\u0131\u011f\u0131m\u0131z alacakaranl\u0131kta gelece\u011fe umudumuzu besleyen \u00fc\u00e7 gen\u00e7 m\u00fczik\u00e7i daha tan\u0131m\u0131\u015ft\u0131k ama yeti\u015fen onca gen\u00e7 m\u00fczik\u00e7inin gelecekleri ne olacak sorusu da olanca a\u011f\u0131rl\u0131\u011f\u0131yla kar\u015f\u0131m\u0131zdayd\u0131.<\/p>\n","protected":false},"excerpt":{"rendered":"<p>Egemen Berk\u00f6z- Cumhuriyet CRR \u0130STANBUL G\u0130TAR G\u00dcNLER\u0130 VE G\u0130TAR YARI\u015eMASI SONA ERD\u0130 \u0130spanyol gitarc\u0131 Marco Socias gitar\u0131n\u0131n tellerine dokunup ilk notalar y\u00fckseldi\u011fi an orkestran\u0131n t\u00fcm \u00fcyelerinin y\u00fcz anlat\u0131mlar\u0131 ve devinimleriyle ona kat\u0131ld\u0131\u011f\u0131n\u0131 g\u00f6rd\u00fcm. Rodrigo\u2019nun bizim tan\u0131d\u0131\u011f\u0131m\u0131z ad\u0131yla Gitar Kon\u00e7ertosu\u2019nun, \u00f6zg\u00fcn ad\u0131yla \u201cConcierto de Aranjuez\u201dinin sonuna kadar da bu duyguda\u015fl\u0131k artarak s\u00fcrd\u00fc. Belli ki orkestra ile solist provalarda birbirlerini sevmi\u015flerdi. \u0130zleyiciler de yap\u0131t\u0131n ba\u015f\u0131ndan sonuna kesintisiz bir \u201ccrescendo\u201d ile artan co\u015fkuya kat\u0131lmaktan geri kalmad\u0131lar. Alk\u0131\u015flar bitmek bilmedi, Socias defalarca sahneye geri geldi, konser ancak herkes yorulunca bitebildi. Cemal Re\u015fit Rey Konser Salonu\u2019nun (CRR) i\u00e7inde bulundu\u011fumuz konser mevsiminde yapt\u0131\u011f\u0131 g\u00fczel i\u015flerden biri olan CRR \u0130stanbul Gitar G\u00fcnleri ve Klasik Gitar Yar\u0131\u015fmas\u0131\u2019n\u0131n \u00f6d\u00fcl ve biti\u015f ak\u015fam\u0131ndayd\u0131k. Tarih 23 May\u0131s Per\u015fembe. Ak\u015fam, 21 May\u0131s\u2019ta ba\u015flay\u0131p \u00fc\u00e7 g\u00fcn s\u00fcren yar\u0131\u015fmada ilk \u00fc\u00e7e giren yar\u0131\u015fmac\u0131lara \u00f6d\u00fcllerinin verilmesiyle ba\u015flad\u0131. \u00d6d\u00fcller, se\u00e7ici kurulu olu\u015fturan ve yar\u0131\u015fma boyunca ak\u015famlar\u0131 konser veren usta gitarc\u0131lar\u0131n (Arjantinli Ricardo Moyano, Meksikal\u0131 Raul Olmos, Amerikal\u0131 David Russel, \u0130spanyol Marco Socias, Ahmet Kanneci, Soner Egesel, Sinan Er\u015fahin) imzalar\u0131n\u0131 ta\u015f\u0131yan p\u0131r\u0131l p\u0131r\u0131l birer gitard\u0131. \u00dc\u00e7\u00fcnc\u00fc, \u0130\u00dc Devlet Konservatuvar\u0131 mezunu, y\u00fcksek lisans \u00e7al\u0131\u015fmas\u0131n\u0131 MSGS\u00dc Devlet Konservatuvar\u0131\u2019nda s\u00fcrd\u00fcren Tuna Tandoruk, ikinci Eski\u015fehir Anadolu \u00dcniversitesi\u2019nden \u00c7avg\u0131n \u00c7\u0131nk\u0131t ve birinci MSGS\u00dc Devlet Konservatuvar\u0131 mezunu, y\u00fcksek lisans\u0131n\u0131 da orada yapmakta olan Onur Y\u0131lmaz\u2019\u0131n \u00f6d\u00fcllerini al\u0131p k\u0131sa birer par\u00e7ayla sanatlar\u0131n\u0131 g\u00f6stermelerinden sonra da Rengim G\u00f6kmen y\u00f6netimindeki CRR Senfoni Orkestras\u0131 sahnede yerini ald\u0131. [&hellip;]<\/p>\n","protected":false},"author":1,"featured_media":0,"comment_status":"closed","ping_status":"closed","sticky":false,"template":"","format":"standard","meta":[],"categories":[3],"tags":[18,17,19,20],"_links":{"self":[{"href":"https:\/\/www.kanneci.org\/yeni\/wp-json\/wp\/v2\/posts\/32"}],"collection":[{"href":"https:\/\/www.kanneci.org\/yeni\/wp-json\/wp\/v2\/posts"}],"about":[{"href":"https:\/\/www.kanneci.org\/yeni\/wp-json\/wp\/v2\/types\/post"}],"author":[{"embeddable":true,"href":"https:\/\/www.kanneci.org\/yeni\/wp-json\/wp\/v2\/users\/1"}],"replies":[{"embeddable":true,"href":"https:\/\/www.kanneci.org\/yeni\/wp-json\/wp\/v2\/comments?post=32"}],"version-history":[{"count":1,"href":"https:\/\/www.kanneci.org\/yeni\/wp-json\/wp\/v2\/posts\/32\/revisions"}],"predecessor-version":[{"id":33,"href":"https:\/\/www.kanneci.org\/yeni\/wp-json\/wp\/v2\/posts\/32\/revisions\/33"}],"wp:attachment":[{"href":"https:\/\/www.kanneci.org\/yeni\/wp-json\/wp\/v2\/media?parent=32"}],"wp:term":[{"taxonomy":"category","embeddable":true,"href":"https:\/\/www.kanneci.org\/yeni\/wp-json\/wp\/v2\/categories?post=32"},{"taxonomy":"post_tag","embeddable":true,"href":"https:\/\/www.kanneci.org\/yeni\/wp-json\/wp\/v2\/tags?post=32"}],"curies":[{"name":"wp","href":"https:\/\/api.w.org\/{rel}","templated":true}]}}