{"id":28,"date":"2014-10-10T11:28:17","date_gmt":"2014-10-10T11:28:17","guid":{"rendered":"http:\/\/www.kanneci.org\/yeni\/?p=28"},"modified":"2015-06-02T11:31:15","modified_gmt":"2015-06-02T11:31:15","slug":"ulusal-gitar-yarismasindan-notlar","status":"publish","type":"post","link":"https:\/\/www.kanneci.org\/yeni\/ulusal-gitar-yarismasindan-notlar\/","title":{"rendered":"Ulusal Gitar Yar\u0131\u015fmas\u0131\u2019ndan notlar"},"content":{"rendered":"<p><em><strong><a href=\"http:\/\/www.evrensel.net\/haber\/93247\/ulusal-gitar-yarismasindan-notlar\" target=\"_blank\">Ahmet Say- Evrensel<\/a><\/strong><\/em><\/p>\n<p>Bundan be\u015f-on y\u0131l \u00f6nceleri, sokakta g\u00f6rd\u00fc\u011f\u00fcm her be\u015f gencin ikisi gitar ta\u015f\u0131yordu. Son y\u0131llarda bu oran biraz azald\u0131, ama sadece biraz\u2026<\/p>\n<p>Bundan be\u015f-on y\u0131l \u00f6nceleri, sokakta g\u00f6rd\u00fc\u011f\u00fcm her be\u015f gencin ikisi gitar ta\u015f\u0131yordu. Son y\u0131llarda bu oran biraz azald\u0131, ama sadece biraz\u2026<\/p>\n<p>Geleneksel telli \u00e7alg\u0131lar\u0131m\u0131z\u0131n Avrupa m\u00fczik k\u00fclt\u00fcr\u00fcnde geli\u015ftirilen bir benzeri olan gitar\u0131n yurdumuzda benimsenip yayg\u0131nla\u015fmas\u0131n\u0131 \u00e7ok \u00f6nemsiyorum. Gen\u00e7lerimizin gitara sevgi g\u00f6sterip ba\u011flanmas\u0131, onlar\u0131n kitlesel olarak \u00e7oksesli m\u00fczi\u011fe yak\u0131nl\u0131k duymas\u0131 anlam\u0131na gelir. Bu nedenle Hacettepe \u00dcniversitesi Ankara Devlet Konservatuvar\u0131n\u0131n iki y\u0131lda bir d\u00fczenledi\u011fi \u201cUlusal Gitar Yar\u0131\u015fmas\u0131\u201d da gitar m\u00fczi\u011fine \u00e7ok de\u011ferli bir katk\u0131d\u0131r.<\/p>\n<p><!--more--><\/p>\n<p>Yar\u0131\u015fma, ge\u00e7en hafta konservatuvar\u0131n orkestra salonunda yap\u0131ld\u0131. Yurdun \u00e7e\u015fitli kentlerinden gelen 18 gitar sanat\u00e7\u0131s\u0131n\u0131n kat\u0131ld\u0131\u011f\u0131 yar\u0131\u015fmay\u0131, Ba\u015fkent M\u00fczikevi, Esteve Gitarlar\u0131, Manuel Adalid ve Sevda Cenap And M\u00fczik Vakf\u0131 desteklemi\u015f, \u201cSU Organizasyon ve Halkla \u0130li\u015fkiler\u201d firmas\u0131 ise organizasyonu g\u00f6n\u00fcll\u00fc olarak \u00fcstlenmi\u015fti.<\/p>\n<p>Yar\u0131\u015fman\u0131n se\u00e7iciler kurulunda \u015fu de\u011ferli m\u00fczik\u00e7ilerimiz bulunuyordu: Konservatuvar M\u00fcd\u00fcr\u00fc Prof. Semra Kartal, Prof. Binnur Ekber, Prof. Reyyan Ba\u015faran, Do\u00e7. Kaan Korad, Ertu\u011f Korkmaz, Soner Egesel, Dr. B\u00fclent Erg\u00fcden, Mustafa Erhan, Mehmet G\u00fcrg\u00fcn, Bekir K\u00fc\u00e7\u00fckay ve \u00fcnl\u00fc \u0130spanyol Gitar Sanat\u00e7\u0131s\u0131 Carlos Jaramillo.<\/p>\n<p>\u0130lk g\u00fcn, a\u00e7\u0131l\u0131\u015f t\u00f6reninin bir par\u00e7as\u0131 olarak Gitar Sanat\u00e7\u0131m\u0131z Soner Egesel bir dinleti sundu. \u0130kinci g\u00fcn ise yar\u0131\u015fmay\u0131 anlamland\u0131rmaya katk\u0131 olarak \u00fcnl\u00fc \u0130spanyol \u00c7alg\u0131 Yap\u0131mc\u0131s\u0131 M. Adolid, gitar \u00e7alg\u0131s\u0131 \u00fczerine bir konferans verdi.<\/p>\n<p>\u00dc\u00e7\u00fcnc\u00fc g\u00fcn sonu\u00e7lanan yar\u0131\u015fman\u0131n birincisi O\u011fuz \u00d6z Do\u011fum\u2019a, Manuel Adolid taraf\u0131ndan yap\u0131lan bir konser gitar\u0131 arma\u011fan edildi. Ayr\u0131ca, gen\u00e7 gitarc\u0131m\u0131z, \u0130spanya ve T\u00fcrkiye\u2019de konserler sunacak.<\/p>\n<p>\u0130kincilik \u00f6d\u00fcl\u00fcn\u00fc kazanan \u00d6zberk Mira\u00e7 ve \u00fc\u00e7\u00fcnc\u00fc olan Erkan Mehmet Karag\u00fclle, T\u00fcrkiye\u2019de konser verecek. Bir T\u00fcrk bestecinin yazd\u0131\u011f\u0131 eser i\u00e7in \u201cEn iyi T\u00fcrk eseri yorumu\u201d ad\u0131na verilen \u201cUlvi Y\u00fccelen \u00d6d\u00fcl\u00fc\u201dn\u00fc ise Mustafa \u00c7a\u011fatay Erol kazand\u0131.<\/p>\n<p>\u00d6d\u00fclleri, Hacettepe \u00dcniversitesi Rekt\u00f6r\u00fc Prof. Dr. Murat Tuncer verdi. K\u0131sa bir konu\u015fma yapan Tuncer, bu yar\u0131\u015fmay\u0131 destekledi\u011fini, \u00fcniversite olarak gelecek y\u0131llardaki yar\u0131\u015fmalarda katk\u0131lar\u0131n\u0131n artarak s\u00fcrece\u011fini s\u00f6yledi ve b\u00fct\u00fcn kat\u0131l\u0131mc\u0131lara, yar\u0131\u015fmada eme\u011fi ge\u00e7enlere te\u015fekk\u00fcr etti.<\/p>\n<p>Her y\u00f6n\u00fcyle d\u00fczeyli ve \u00f6zendirici olan \u201c2. Ulusal Gitar Yar\u0131\u015fmas\u0131\u201d, birka\u00e7 g\u00fcn \u00f6nceki k\u00f6\u015fe yaz\u0131s\u0131nda belirtti\u011fim anlaml\u0131 bir dinletiyle sona erdi: Bana \u00f6yle geldi ki, \u0130spanyol Gitar Sanat\u00e7\u0131s\u0131 Carlos Jaramillo\u2019nun bu \u201cKapan\u0131\u015f Gecesi Konseri\u201d, iki g\u00fcn \u00f6nce ya\u015famdan ayr\u0131lan \u015fair arkada\u015f\u0131m\u0131z Metin Demirta\u015f\u2019\u0131n an\u0131s\u0131na sunulmu\u015ftu\u2026<\/p>\n<p>Yaz\u0131m\u0131 burada bitirecek denli de\u011ferbilmez de\u011filim!<\/p>\n<p>Bu yazd\u0131\u011f\u0131m yar\u0131\u015fma etkinli\u011fini haz\u0131rlayan ve ancak duyularla sezilebilen, hatta i\u00e7sel k\u0131lan gizli bir el vard\u0131. Onu herkes tan\u0131yor, ama \u201cGizli el\u201din b\u00fcy\u00fcs\u00fcn\u00fc bozmamak i\u00e7in ad\u0131n\u0131 dile getirmiyordu.<\/p>\n<p>Onu bilmeyecek ne var? T\u00fcrkiye\u2019de \u201cGitar\u201d denince akla gelen ilk isim, Ankara Devlet Konservatuvar\u0131n\u0131n Gitar Sanat Dal\u0131 Ba\u015fkan\u0131 Prof. Ahmet Kanneci de\u011fil midir?<\/p>\n","protected":false},"excerpt":{"rendered":"<p>Ahmet Say- Evrensel Bundan be\u015f-on y\u0131l \u00f6nceleri, sokakta g\u00f6rd\u00fc\u011f\u00fcm her be\u015f gencin ikisi gitar ta\u015f\u0131yordu. Son y\u0131llarda bu oran biraz azald\u0131, ama sadece biraz\u2026 Bundan be\u015f-on y\u0131l \u00f6nceleri, sokakta g\u00f6rd\u00fc\u011f\u00fcm her be\u015f gencin ikisi gitar ta\u015f\u0131yordu. Son y\u0131llarda bu oran biraz azald\u0131, ama sadece biraz\u2026 Geleneksel telli \u00e7alg\u0131lar\u0131m\u0131z\u0131n Avrupa m\u00fczik k\u00fclt\u00fcr\u00fcnde geli\u015ftirilen bir benzeri olan gitar\u0131n yurdumuzda benimsenip yayg\u0131nla\u015fmas\u0131n\u0131 \u00e7ok \u00f6nemsiyorum. Gen\u00e7lerimizin gitara sevgi g\u00f6sterip ba\u011flanmas\u0131, onlar\u0131n kitlesel olarak \u00e7oksesli m\u00fczi\u011fe yak\u0131nl\u0131k duymas\u0131 anlam\u0131na gelir. Bu nedenle Hacettepe \u00dcniversitesi Ankara Devlet Konservatuvar\u0131n\u0131n iki y\u0131lda bir d\u00fczenledi\u011fi \u201cUlusal Gitar Yar\u0131\u015fmas\u0131\u201d da gitar m\u00fczi\u011fine \u00e7ok de\u011ferli bir katk\u0131d\u0131r.<\/p>\n","protected":false},"author":1,"featured_media":0,"comment_status":"closed","ping_status":"closed","sticky":false,"template":"","format":"standard","meta":[],"categories":[3,13],"tags":[4,16],"_links":{"self":[{"href":"https:\/\/www.kanneci.org\/yeni\/wp-json\/wp\/v2\/posts\/28"}],"collection":[{"href":"https:\/\/www.kanneci.org\/yeni\/wp-json\/wp\/v2\/posts"}],"about":[{"href":"https:\/\/www.kanneci.org\/yeni\/wp-json\/wp\/v2\/types\/post"}],"author":[{"embeddable":true,"href":"https:\/\/www.kanneci.org\/yeni\/wp-json\/wp\/v2\/users\/1"}],"replies":[{"embeddable":true,"href":"https:\/\/www.kanneci.org\/yeni\/wp-json\/wp\/v2\/comments?post=28"}],"version-history":[{"count":1,"href":"https:\/\/www.kanneci.org\/yeni\/wp-json\/wp\/v2\/posts\/28\/revisions"}],"predecessor-version":[{"id":29,"href":"https:\/\/www.kanneci.org\/yeni\/wp-json\/wp\/v2\/posts\/28\/revisions\/29"}],"wp:attachment":[{"href":"https:\/\/www.kanneci.org\/yeni\/wp-json\/wp\/v2\/media?parent=28"}],"wp:term":[{"taxonomy":"category","embeddable":true,"href":"https:\/\/www.kanneci.org\/yeni\/wp-json\/wp\/v2\/categories?post=28"},{"taxonomy":"post_tag","embeddable":true,"href":"https:\/\/www.kanneci.org\/yeni\/wp-json\/wp\/v2\/tags?post=28"}],"curies":[{"name":"wp","href":"https:\/\/api.w.org\/{rel}","templated":true}]}}