{"id":24,"date":"2011-11-10T11:20:08","date_gmt":"2011-11-10T11:20:08","guid":{"rendered":"http:\/\/www.kanneci.org\/yeni\/?p=24"},"modified":"2015-06-02T11:31:26","modified_gmt":"2015-06-02T11:31:26","slug":"caracas","status":"publish","type":"post","link":"https:\/\/www.kanneci.org\/yeni\/caracas\/","title":{"rendered":"Guitarrista turco Ahmet Kanneci debuta en Caracas"},"content":{"rendered":"<p>El m\u00fasico estudi\u00f3 bajo la \u00e9gida del maestro Alirio D\u00edaz, y hoy ofrecer\u00e1 un concierto en el Centro de Acci\u00f3n Social por la M\u00fasica, para culminar sus actuaciones el domingo a las 11:00 am en la Sala de Conciertos de Unearte<\/p>\n<p>Ahmet Kanneci, uno de los mejores guitarristas de Turqu\u00eda, lleg\u00f3 al instrumento por casualidad gracias a un concierto de guitarra que escuch\u00f3 en Ankara, su ciudad natal. Mientras cursaba estudios de bachillerato, su profesor de m\u00fasica lo invit\u00f3 al teatro y el otrora joven de 16 a\u00f1os qued\u00f3 prendado del instrumento.<\/p>\n<p>Cuando el concierto termin\u00f3, pidi\u00f3 conocer al guitarrista y al llegar frente a \u00e9l, tras felicitarlo le manifest\u00f3 su deseo de aprender a tocar la guitarra cl\u00e1sica. El m\u00fasico le contest\u00f3: &#8220;hijo ya tienes la mitad del camino andado, ahora te falta la otra mitad, estudia y lo lograr\u00e1s&#8221;, ese m\u00fasico era Alirio D\u00edaz y de all\u00ed en adelante Kanneci estudi\u00f3 con diferentes profesores en Inglaterra, Espa\u00f1a y Turqu\u00eda siempre bajo la gu\u00eda del maestro venezolano del que durante 30 a\u00f1os recibi\u00f3 clases y al hablar de \u00e9l lo recuerda con cari\u00f1o y respeto y con muchas ganas de ir a Carora a saludarlo.<\/p>\n<p>Despu\u00e9s de haber terminado sus estudios en Europa, retorn\u00f3 a Turqu\u00eda, estableci\u00f3 departamentos de guitarra en cuatro Universidades conservatorias.<\/p>\n<p>En 1993, se le otorg\u00f3 la beca de investigaci\u00f3n &#8220;Fullbright&#8221; y se mud\u00f3 a los Estados Unidos para continuar con sus estudios musicales. Todav\u00eda ense\u00f1a guitarra en el Conservatorio del Estado de la Universidad de Hacettepe en Ankara.<\/p>\n<p>Este fin de semana el maestro Kanneci ofrecer\u00e1 dos recitales con entrada libre, el primero hoy viernes 4 de noviembre a las 5 de la tarde en la sala Fedora Alem\u00e1n del Centro de Acci\u00f3n Social por la M\u00fasica y el domingo 6 de noviembre a las 11 de la ma\u00f1ana en la sala de conciertos de Unearte.<\/p>\n<p>El Embajador de Turquia Muhsin T. Kilikaslan ofrecer\u00e1 una recepci\u00f3n en su residencia para homenajear al ilustre visitante de su pa\u00eds.<\/p>\n<p><a href=\"http:\/\/www.eluniversal.com\/arte-y-entretenimiento\/cultura\/111104\/guitarrista-turco-ahmet-kanneci-debuta-en-caracas\" target=\"_blank\">El Universal<\/a><\/p>\n<p>&nbsp;<\/p>\n","protected":false},"excerpt":{"rendered":"<p>El m\u00fasico estudi\u00f3 bajo la \u00e9gida del maestro Alirio D\u00edaz, y hoy ofrecer\u00e1 un concierto en el Centro de Acci\u00f3n Social por la M\u00fasica, para culminar sus actuaciones el domingo a las 11:00 am en la Sala de Conciertos de Unearte Ahmet Kanneci, uno de los mejores guitarristas de Turqu\u00eda, lleg\u00f3 al instrumento por casualidad gracias a un concierto de guitarra que escuch\u00f3 en Ankara, su ciudad natal. Mientras cursaba estudios de bachillerato, su profesor de m\u00fasica lo invit\u00f3 al teatro y el otrora joven de 16 a\u00f1os qued\u00f3 prendado del instrumento. Cuando el concierto termin\u00f3, pidi\u00f3 conocer al guitarrista y al llegar frente a \u00e9l, tras felicitarlo le manifest\u00f3 su deseo de aprender a tocar la guitarra cl\u00e1sica. El m\u00fasico le contest\u00f3: &#8220;hijo ya tienes la mitad del camino andado, ahora te falta la otra mitad, estudia y lo lograr\u00e1s&#8221;, ese m\u00fasico era Alirio D\u00edaz y de all\u00ed en adelante Kanneci estudi\u00f3 con diferentes profesores en Inglaterra, Espa\u00f1a y Turqu\u00eda siempre bajo la gu\u00eda del maestro venezolano del que durante 30 a\u00f1os recibi\u00f3 clases y al hablar de \u00e9l lo recuerda con cari\u00f1o y respeto y con muchas ganas de ir a Carora a saludarlo. Despu\u00e9s de haber terminado sus estudios en Europa, retorn\u00f3 a Turqu\u00eda, estableci\u00f3 departamentos de guitarra en cuatro Universidades conservatorias. En 1993, se le otorg\u00f3 [&hellip;]<\/p>\n","protected":false},"author":1,"featured_media":0,"comment_status":"closed","ping_status":"closed","sticky":false,"template":"","format":"standard","meta":[],"categories":[3,8],"tags":[11,9,10],"_links":{"self":[{"href":"https:\/\/www.kanneci.org\/yeni\/wp-json\/wp\/v2\/posts\/24"}],"collection":[{"href":"https:\/\/www.kanneci.org\/yeni\/wp-json\/wp\/v2\/posts"}],"about":[{"href":"https:\/\/www.kanneci.org\/yeni\/wp-json\/wp\/v2\/types\/post"}],"author":[{"embeddable":true,"href":"https:\/\/www.kanneci.org\/yeni\/wp-json\/wp\/v2\/users\/1"}],"replies":[{"embeddable":true,"href":"https:\/\/www.kanneci.org\/yeni\/wp-json\/wp\/v2\/comments?post=24"}],"version-history":[{"count":1,"href":"https:\/\/www.kanneci.org\/yeni\/wp-json\/wp\/v2\/posts\/24\/revisions"}],"predecessor-version":[{"id":25,"href":"https:\/\/www.kanneci.org\/yeni\/wp-json\/wp\/v2\/posts\/24\/revisions\/25"}],"wp:attachment":[{"href":"https:\/\/www.kanneci.org\/yeni\/wp-json\/wp\/v2\/media?parent=24"}],"wp:term":[{"taxonomy":"category","embeddable":true,"href":"https:\/\/www.kanneci.org\/yeni\/wp-json\/wp\/v2\/categories?post=24"},{"taxonomy":"post_tag","embeddable":true,"href":"https:\/\/www.kanneci.org\/yeni\/wp-json\/wp\/v2\/tags?post=24"}],"curies":[{"name":"wp","href":"https:\/\/api.w.org\/{rel}","templated":true}]}}