{"id":22,"date":"2013-02-28T11:18:14","date_gmt":"2013-02-28T11:18:14","guid":{"rendered":"http:\/\/www.kanneci.org\/yeni\/?p=22"},"modified":"2015-06-02T11:31:18","modified_gmt":"2015-06-02T11:31:18","slug":"ankara-caz-festivalinde-ahmet-kanneci-surprizi","status":"publish","type":"post","link":"https:\/\/www.kanneci.org\/yeni\/ankara-caz-festivalinde-ahmet-kanneci-surprizi\/","title":{"rendered":"Ankara Caz Festivali&#8217;nde Ahmet Kanneci s\u00fcrprizi"},"content":{"rendered":"<p>Ahmet Kanneci, 16.Uluslararas\u0131 Ankara Caz Festivali&#8217;nde George Gershwin, Dave Brubeck, Duke Ellington gibi caz \u00fcstatlar\u0131n\u0131n eserlerine yer verecek<\/p>\n<p><a href=\"http:\/\/t24.com.tr\/haber\/ankara-caz-festivalinde-ahmet-kanneci-surprizi,224319\" target=\"_blank\">T24<\/a><\/p>\n<p>Daha \u00f6nce hi\u00e7 caz \u00e7almad\u0131\u011f\u0131n\u0131 belirten \u00fcnl\u00fc klasik gitar virt\u00fc\u00f6z\u00fc Ahmet Kanneci, ilk kez Ankara Caz Festivali&#8217;ne \u00f6zel \u201ccaz\u0131n gitarla dans\u0131\u201d temal\u0131 eserler seslendirecek.<\/p>\n<p>Ankara Milli E\u011fitim Bakanl\u0131\u011f\u0131 \u015eura Salonu&#8217;nda yap\u0131lacak olan konser 23 \u015eubat 2013 Cumartesi ak\u015fam\u0131 ger\u00e7ekle\u015fecek. Program\u0131n ilk b\u00f6l\u00fcm\u00fcnde Z\u00fclf\u00fc Livaneli\u2019den, Astor Piazzolla\u2019ya kadar klasikle\u015fmi\u015f eserler seslendirilirken, ikinci b\u00f6l\u00fcmde George Gershwin, Dave Brubeck, Duke Ellington gibi caz \u00fcstatlar\u0131n\u0131n eserlerine yer verilecek.<\/p>\n<p>Konserde ya\u015fam, \u00f6l\u00fcm, \u00f6zg\u00fcrl\u00fck gibi temalar i\u015flenecek ve Kanneci\u2019ye sahnede gitarist \u00d6zcan Dal e\u015flik edecek.<\/p>\n","protected":false},"excerpt":{"rendered":"<p>Ahmet Kanneci, 16.Uluslararas\u0131 Ankara Caz Festivali&#8217;nde George Gershwin, Dave Brubeck, Duke Ellington gibi caz \u00fcstatlar\u0131n\u0131n eserlerine yer verecek T24 Daha \u00f6nce hi\u00e7 caz \u00e7almad\u0131\u011f\u0131n\u0131 belirten \u00fcnl\u00fc klasik gitar virt\u00fc\u00f6z\u00fc Ahmet Kanneci, ilk kez Ankara Caz Festivali&#8217;ne \u00f6zel \u201ccaz\u0131n gitarla dans\u0131\u201d temal\u0131 eserler seslendirecek. Ankara Milli E\u011fitim Bakanl\u0131\u011f\u0131 \u015eura Salonu&#8217;nda yap\u0131lacak olan konser 23 \u015eubat 2013 Cumartesi ak\u015fam\u0131 ger\u00e7ekle\u015fecek. Program\u0131n ilk b\u00f6l\u00fcm\u00fcnde Z\u00fclf\u00fc Livaneli\u2019den, Astor Piazzolla\u2019ya kadar klasikle\u015fmi\u015f eserler seslendirilirken, ikinci b\u00f6l\u00fcmde George Gershwin, Dave Brubeck, Duke Ellington gibi caz \u00fcstatlar\u0131n\u0131n eserlerine yer verilecek. Konserde ya\u015fam, \u00f6l\u00fcm, \u00f6zg\u00fcrl\u00fck gibi temalar i\u015flenecek ve Kanneci\u2019ye sahnede gitarist \u00d6zcan Dal e\u015flik edecek.<\/p>\n","protected":false},"author":1,"featured_media":0,"comment_status":"closed","ping_status":"closed","sticky":false,"template":"","format":"standard","meta":[],"categories":[3],"tags":[4,6,7],"_links":{"self":[{"href":"https:\/\/www.kanneci.org\/yeni\/wp-json\/wp\/v2\/posts\/22"}],"collection":[{"href":"https:\/\/www.kanneci.org\/yeni\/wp-json\/wp\/v2\/posts"}],"about":[{"href":"https:\/\/www.kanneci.org\/yeni\/wp-json\/wp\/v2\/types\/post"}],"author":[{"embeddable":true,"href":"https:\/\/www.kanneci.org\/yeni\/wp-json\/wp\/v2\/users\/1"}],"replies":[{"embeddable":true,"href":"https:\/\/www.kanneci.org\/yeni\/wp-json\/wp\/v2\/comments?post=22"}],"version-history":[{"count":1,"href":"https:\/\/www.kanneci.org\/yeni\/wp-json\/wp\/v2\/posts\/22\/revisions"}],"predecessor-version":[{"id":23,"href":"https:\/\/www.kanneci.org\/yeni\/wp-json\/wp\/v2\/posts\/22\/revisions\/23"}],"wp:attachment":[{"href":"https:\/\/www.kanneci.org\/yeni\/wp-json\/wp\/v2\/media?parent=22"}],"wp:term":[{"taxonomy":"category","embeddable":true,"href":"https:\/\/www.kanneci.org\/yeni\/wp-json\/wp\/v2\/categories?post=22"},{"taxonomy":"post_tag","embeddable":true,"href":"https:\/\/www.kanneci.org\/yeni\/wp-json\/wp\/v2\/tags?post=22"}],"curies":[{"name":"wp","href":"https:\/\/api.w.org\/{rel}","templated":true}]}}