{"id":20,"date":"2015-06-02T11:17:49","date_gmt":"2015-06-02T11:17:49","guid":{"rendered":"http:\/\/www.kanneci.org\/yeni\/?p=20"},"modified":"2015-06-02T11:31:10","modified_gmt":"2015-06-02T11:31:10","slug":"gitarin-ardindaki-dunyanin-kesfi","status":"publish","type":"post","link":"https:\/\/www.kanneci.org\/yeni\/gitarin-ardindaki-dunyanin-kesfi\/","title":{"rendered":"Gitar\u0131n ard\u0131ndaki d\u00fcnyan\u0131n ke\u015ffi"},"content":{"rendered":"<blockquote><p>Ahmet Kanneci, klasik gitarda T\u00fcrkiye\u2019deki en \u00f6nemli isimlerden biri. Ayr\u0131ca klasik gitar\u0131n 1800 y\u0131l\u0131ndan itibaren geli\u015fimi ve d\u00fcnya \u00e7ap\u0131ndaki temsilcilerini anlatan D\u00fcnya Klasik Gitar Alb\u00fcm\u00fc\u2019ne giren ilk T\u00fcrk sanat\u00e7\u0131 olma \u00f6zelli\u011fini de ta\u015f\u0131yor<\/p><\/blockquote>\n<p><a href=\"http:\/\/www.aydinlikgazete.com\/kultursanat\/gitarin-ardindaki-dunyanin-kesfi-h68852.html\" target=\"_blank\">Apt\u00fclika- Ayd\u0131nl\u0131k Gazete<\/a><\/p>\n<p>T\u00dcRK\u0130YE\u2019de d\u00f6rt ayr\u0131 konservatuvar ve \u00fcniversitede gitar b\u00f6l\u00fcmleri de kuran Ahmet Kanneci, 6 May\u0131s\u2019ta Caddebostan K\u00fclt\u00fcr Merkezi\u2019nde verece\u011fi konserle klasik gitar tutkunlar\u0131na uzun zamand\u0131r bekledikleri bir m\u00fczik ziyafeti sunacak.<br \/>\n1974 y\u0131l\u0131nda Ankara\u2019da Cumhurba\u015fkanl\u0131\u011f\u0131 Senfoni Orkestras\u0131\u2019n\u0131n konserine Venezuelal\u0131 gitar ustas\u0131 Alirio Diaz konuk olarak gelecekti. Konserde Diaz, Rodrigo\u2019nun gitar kon\u00e7ertosunu seslendirecekti. Klasik m\u00fczik ve gitar tutkunu bir dinleyici kitlesi salonu t\u0131kl\u0131m t\u0131kl\u0131m doldurmu\u015ftu. Konseri merakla bekleyen kalabal\u0131\u011f\u0131n aras\u0131nda bir ki\u015fi vard\u0131 ki, konsere tesad\u00fcf eseri gelmi\u015fti. \u00dcniversiteye giden bu gen\u00e7 konserin ba\u015flamas\u0131yla birlikte bir tutkuya kap\u0131lacak ve belki de herkesten \u00e7ok ilgilenmeye ba\u015flayacakt\u0131.<!--more--><\/p>\n<p>&#8216;SES\u0130N ARKASINDAK\u0130 D\u00dcNYA&#8217;<\/p>\n<p>Konser bitti\u011finde 18 ya\u015flar\u0131ndaki bu gen\u00e7 bir yolunu bulup, Alirio Diaz\u2019\u0131n yan\u0131na ula\u015f\u0131r ve ona, gitara a\u015f\u0131k oldu\u011funu s\u00f6yler ve \u201cGitar \u00e7almak istiyorum, ne yapmal\u0131y\u0131m?\u201d sorusunu ekler. Diaz\u2019\u0131n ona cevab\u0131 ise \u015f\u00f6yle olacakt\u0131r; \u201cA\u015f\u0131k olduysan sen yolu yar\u0131lam\u0131\u015fs\u0131n demektir.\u201d Yolun di\u011fer yar\u0131s\u0131n\u0131n da iyi bir ustayla \u00e7al\u0131\u015fmak oldu\u011funu belirten Diaz, bir\u00e7ok \u00f6nemli gitaristin de bir zamanlar gitar \u00e7almad\u0131\u011f\u0131n\u0131 s\u00f6yleyip, bu tutkulu gence umut verir.<br \/>\n\u201cSesin arkas\u0131ndaki d\u00fcnyay\u0131 ke\u015ffettim\u201d diyen ve gitara tutkuyla ba\u011flanan bu gen\u00e7, m\u00fczik ve gitara o g\u00fcne dek bu kadar yak\u0131nla\u015fmam\u0131\u015ft\u0131. \u0130\u015fte o konserden sonra gitara tutkuyla ba\u011flanan bu gen\u00e7, g\u00fcn\u00fcm\u00fcz\u00fcn d\u00fcnya \u00e7ap\u0131ndaki en \u00f6nemli gitar virt\u00fc\u00f6zlerinden biri olan Ahmet Kanneci\u2019ydi.<\/p>\n<p>Ahmet Kanneci, klasik gitarda T\u00fcrkiye\u2019deki en \u00f6nemli isimlerden biri. Ayr\u0131ca klasik gitar\u0131n 1800 y\u0131l\u0131ndan itibaren geli\u015fimi ve d\u00fcnya \u00e7ap\u0131ndaki temsilcilerini anlatan D\u00fcnya Klasik Gitar Alb\u00fcm\u00fc\u2019ne giren ilk T\u00fcrk sanat\u00e7\u0131 olma \u00f6zelli\u011fini de ta\u015f\u0131yor.<br \/>\n\u00dcnl\u00fc gitar virt\u00fc\u00f6z\u00fc Javier Garcia Moreno\u2019nun \u201cD\u00fcnyan\u0131n en b\u00fcy\u00fck yorumcusu\u201d dedi\u011fi Kanneci, memur bir baban\u0131n \u00e7ocu\u011fu olarak Konya Ere\u011fli\u2019de 1957\u2019de d\u00fcnyaya geldi. Babas\u0131n\u0131n mesle\u011fi sebebiyle ilkokulu Hatay\u2019da, ortaokulu ve liseyi de Ankara\u2019da bitirir. T\u00fcrkiye\u2019nin en kaliteli e\u011fitim kurumlar\u0131ndan olan Ankara Fen Lisesi\u2019ne se\u00e7ilir. Se\u00e7meli ders olarak resim ve ard\u0131ndan m\u00fczi\u011fi se\u00e7ecekti. Bu y\u0131llardaki tutkular\u0131ndan biri de atletizmdi. \u0130\u015fte bu s\u0131ralarda m\u00fczikle tan\u0131\u015fmas\u0131n\u0131 sa\u011flayan konsere gidecekti.<\/p>\n<p>\u0130lk \u00f6nce kendi \u00e7abas\u0131yla gitar \u00e7almay\u0131 \u00f6\u011frenir. Ard\u0131ndan Turgay Erdener\u2019le teori, \u0130stemihan Tavilo\u011flu ve Ali Sevgi\u2019den de gitar dersleri al\u0131r. \u00dcniversite i\u00e7in se\u00e7im yaparken m\u00fczik e\u011fitimi veren bir okul yerine ODT\u00dc\u2019de mimarl\u0131k okumay\u0131 tercih eder. Ancak 1981\u2019de \u0130spanya h\u00fck\u00fcmetinin bursunu kazanmas\u0131 ona Alicante Oscar Espla Y\u00fcksek Konservatuvar\u0131\u2019n\u0131n yolunu a\u00e7ar. Burada Jose Tomas\u2019\u0131n \u00f6\u011frencisi olan Kanneci, Fransa\u2019n\u0131n Perpignan Devlet Konservatuar\u0131\u2019na devam eder ve buray\u0131 da birincilikle bitirir. B\u00fct\u00fcn bu e\u011fitim s\u00fcrecinin ard\u0131ndan Kanneci ona ilk gitar tutkusunu a\u015f\u0131layan Diaz\u2019la kar\u015f\u0131la\u015f\u0131r ve onun \u00f6\u011frencisi olur.<br \/>\nAvrupa\u2019daki \u00e7al\u0131\u015fmalar\u0131n\u0131 tamamlay\u0131p T\u00fcrkiye\u2019ye d\u00f6nd\u00fckten sonra 4 ayr\u0131 konservatuar ve \u00fcniversitede gitar b\u00f6l\u00fcmleri kurulmas\u0131na \u00f6nc\u00fcl\u00fck eder. 1993 y\u0131l\u0131nda d\u00fcnyan\u0131n en itibarl\u0131 burslar\u0131ndan \u201cFulbright Ara\u015ft\u0131rma Bursu\u201d kazanarak ABD\u2019ye gider. Kanneci \u201cFulbright Komisyonu\u201d taraf\u0131ndan \u201cSanatta \u00d6m\u00fcr Boyu Ba\u015far\u0131\u201d \u00f6d\u00fcl\u00fcne lay\u0131k g\u00f6r\u00fcl\u00fcr. Halen Hacettepe \u00dcniversitesi Ankara Devlet Konservatuvar\u0131nda Gitar Sanat Dal\u0131 ba\u015fkanl\u0131\u011f\u0131n\u0131 s\u00fcrd\u00fcren Kanneci, 3 ayr\u0131 k\u0131tada d\u00fcnyan\u0131n 25 \u00fclkesinde bine yak\u0131n konser verdi.<\/p>\n<p>D\u00fcnyan\u0131n pek \u00e7ok yerinde konserler veren, b\u00fcy\u00fck ustalarla \u00e7al\u0131\u015fan, \u00f6d\u00fcller, burslar kazanan, gitar \u00fczerine kitaplar yazan Kanneci \u201cAhmet Kanneci plays Italian Baroque\u201d, \u201cAhmet Kanneci plays Turgay Erdener\u201d isminde alb\u00fcmler \u00e7\u0131kartm\u0131\u015ft\u0131.<\/p>\n<p>&nbsp;<\/p>\n","protected":false},"excerpt":{"rendered":"<p>Ahmet Kanneci, klasik gitarda T\u00fcrkiye\u2019deki en \u00f6nemli isimlerden biri. Ayr\u0131ca klasik gitar\u0131n 1800 y\u0131l\u0131ndan itibaren geli\u015fimi ve d\u00fcnya \u00e7ap\u0131ndaki temsilcilerini anlatan D\u00fcnya Klasik Gitar Alb\u00fcm\u00fc\u2019ne giren ilk T\u00fcrk sanat\u00e7\u0131 olma \u00f6zelli\u011fini de ta\u015f\u0131yor Apt\u00fclika- Ayd\u0131nl\u0131k Gazete T\u00dcRK\u0130YE\u2019de d\u00f6rt ayr\u0131 konservatuvar ve \u00fcniversitede gitar b\u00f6l\u00fcmleri de kuran Ahmet Kanneci, 6 May\u0131s\u2019ta Caddebostan K\u00fclt\u00fcr Merkezi\u2019nde verece\u011fi konserle klasik gitar tutkunlar\u0131na uzun zamand\u0131r bekledikleri bir m\u00fczik ziyafeti sunacak. 1974 y\u0131l\u0131nda Ankara\u2019da Cumhurba\u015fkanl\u0131\u011f\u0131 Senfoni Orkestras\u0131\u2019n\u0131n konserine Venezuelal\u0131 gitar ustas\u0131 Alirio Diaz konuk olarak gelecekti. Konserde Diaz, Rodrigo\u2019nun gitar kon\u00e7ertosunu seslendirecekti. Klasik m\u00fczik ve gitar tutkunu bir dinleyici kitlesi salonu t\u0131kl\u0131m t\u0131kl\u0131m doldurmu\u015ftu. Konseri merakla bekleyen kalabal\u0131\u011f\u0131n aras\u0131nda bir ki\u015fi vard\u0131 ki, konsere tesad\u00fcf eseri gelmi\u015fti. \u00dcniversiteye giden bu gen\u00e7 konserin ba\u015flamas\u0131yla birlikte bir tutkuya kap\u0131lacak ve belki de herkesten \u00e7ok ilgilenmeye ba\u015flayacakt\u0131.<\/p>\n","protected":false},"author":1,"featured_media":0,"comment_status":"closed","ping_status":"closed","sticky":false,"template":"","format":"standard","meta":[],"categories":[3],"tags":[4,5],"_links":{"self":[{"href":"https:\/\/www.kanneci.org\/yeni\/wp-json\/wp\/v2\/posts\/20"}],"collection":[{"href":"https:\/\/www.kanneci.org\/yeni\/wp-json\/wp\/v2\/posts"}],"about":[{"href":"https:\/\/www.kanneci.org\/yeni\/wp-json\/wp\/v2\/types\/post"}],"author":[{"embeddable":true,"href":"https:\/\/www.kanneci.org\/yeni\/wp-json\/wp\/v2\/users\/1"}],"replies":[{"embeddable":true,"href":"https:\/\/www.kanneci.org\/yeni\/wp-json\/wp\/v2\/comments?post=20"}],"version-history":[{"count":1,"href":"https:\/\/www.kanneci.org\/yeni\/wp-json\/wp\/v2\/posts\/20\/revisions"}],"predecessor-version":[{"id":21,"href":"https:\/\/www.kanneci.org\/yeni\/wp-json\/wp\/v2\/posts\/20\/revisions\/21"}],"wp:attachment":[{"href":"https:\/\/www.kanneci.org\/yeni\/wp-json\/wp\/v2\/media?parent=20"}],"wp:term":[{"taxonomy":"category","embeddable":true,"href":"https:\/\/www.kanneci.org\/yeni\/wp-json\/wp\/v2\/categories?post=20"},{"taxonomy":"post_tag","embeddable":true,"href":"https:\/\/www.kanneci.org\/yeni\/wp-json\/wp\/v2\/tags?post=20"}],"curies":[{"name":"wp","href":"https:\/\/api.w.org\/{rel}","templated":true}]}}